{"id":13,"date":"2012-07-03T12:00:47","date_gmt":"2012-07-03T12:00:47","guid":{"rendered":"http:\/\/ulviercan.com\/gezgin\/?p=13"},"modified":"2012-07-05T12:14:33","modified_gmt":"2012-07-05T12:14:33","slug":"herkesin-derdi-pasaport","status":"publish","type":"post","link":"https:\/\/www.ulviercan.com\/gezgin\/2012\/07\/03\/faydali-bilgiler\/herkesin-derdi-pasaport\/","title":{"rendered":"Herkesin derdi: Pasaport"},"content":{"rendered":"<p><a href=\"https:\/\/ulviercan.com\/gezgin\/wp-content\/uploads\/2012\/07\/pasaport.png\"><img loading=\"lazy\" decoding=\"async\" class=\"size-full wp-image-14 alignleft\" title=\"pasaport\" src=\"https:\/\/ulviercan.com\/gezgin\/wp-content\/uploads\/2012\/07\/pasaport.png\" alt=\"\" width=\"200\" height=\"200\" srcset=\"https:\/\/www.ulviercan.com\/gezgin\/wp-content\/uploads\/2012\/07\/pasaport.png 200w, https:\/\/www.ulviercan.com\/gezgin\/wp-content\/uploads\/2012\/07\/pasaport-150x150.png 150w\" sizes=\"auto, (max-width: 200px) 100vw, 200px\" \/><\/a>Son d\u00f6nemlerde bas\u0131nda da bol spek\u00fclatif bir bi\u00e7imde sergilenen haberleri g\u00f6rm\u00fc\u015f, duymu\u015fsunuzdur. Pasaportlar k\u0131sa s\u00fcre i\u00e7inde yurt d\u0131\u015f\u0131na \u00e7\u0131kacaklar i\u00e7in ger\u00e7ekten de b\u00fcy\u00fck bir dert. Yeni \u00e7ipli pasaport (e-pasaport) d\u00f6nemine ge\u00e7ilirken pasaportlar\u0131n bas\u0131m\u0131 ile alakal\u0131 ihale iptal edilince pasaport teslim s\u00fcresi sorunu ortaya \u00e7\u0131kt\u0131. Bu konu ile alakal\u0131 en net bilgiyi\u00a0<a href=\"https:\/\/goo.gl\/wy5nL\" target=\"_blank\">https:\/\/goo.gl\/wy5nL<\/a>\u00a0adresinden edinebilirsiniz.<\/p>\n<p>&nbsp;<\/p>\n<p>Bordo pasaport (umumi pasaport), ye\u015fil pasaport (hususi pasaport), siyah pasaport (diplomatik pasaport), gri pasaport (hizmet pasaportu) i\u00e7in gereken evraklar listesine:\u00a0<a href=\"https:\/\/goo.gl\/biYDQ\" target=\"_blank\">https:\/\/goo.gl\/biYDQ<\/a>\u00a0adresinden, di\u011fer t\u00fcm sorular\u0131n\u0131z\u0131n cevab\u0131n\u0131 yine\u00a0<a href=\"https:\/\/goo.gl\/wy5nL\" target=\"_blank\">https:\/\/goo.gl\/wy5nL<\/a>\u00a0adresinden alabilece\u011finiz i\u00e7in bu konulara hi\u00e7 de\u011finmiyorum.<\/p>\n<blockquote><p><strong>Tela\u015f yapanlar i\u00e7in bir not:<\/strong> Pasaport teslimindeki en s\u0131k\u0131nt\u0131l\u0131 d\u00f6nemler olan \u015fu s\u0131ralarda bile, pasaport teslim s\u00fcreleri 20 g\u00fcn\u00fc ge\u00e7memi\u015ftir. Ba\u015fvuru yaparken u\u00e7ak biletiniz, otel rezervasyonunuz vs. evraklar ile teslim ederseniz, pasaportunuz ertesi g\u00fcn bas\u0131l\u0131p size yollan\u0131yor. &#8211; Sen \u00f6yle yapt\u0131n m\u0131 derseniz? Hay\u0131r, \u00e7\u00fcnk\u00fc, bilmiyordum \ud83d\ude42 Ama art\u0131k siz biliyorsunuz.<\/p>\n<p><strong>Not #2:<\/strong> Ye\u015fil pasaportlarda herhangi bir temin s\u0131k\u0131nt\u0131s\u0131 ya\u015fanmad\u0131\u011f\u0131n\u0131 belirtmek isterim.<\/p><\/blockquote>\n<p>Ben de ye\u015fil pasaport i\u00e7in ba\u015fvurdum. Bug\u00fcn ba\u015fvural\u0131 7 g\u00fcn oldu ve hen\u00fcz pasaportum bas\u0131lmad\u0131 :(. U\u00e7a\u011f\u0131m 6 g\u00fcn sonra kalk\u0131yor ve pasaportum hala yok \ud83d\ude42 Bu durum ile alakal\u0131 kendilerine e-mail \u00fczerinden ula\u015f\u0131p u\u00e7ak biletimi g\u00f6nderdim, tabi siz b\u00f6yle yapmay\u0131n pasaport ba\u015fvurusunda verin biletinizi vs. nizi. Bakal\u0131m k\u0131smetse sorun olmadan \u00e7\u00f6z\u00fclecektir<\/p>\n<p>Farketti\u011finiz \u00fczere hi\u00e7 tela\u015f yapm\u0131yorum \ud83d\ude00<\/p>\n<p><strong>Edit:<\/strong> Bug\u00fcn yani 4 Temmuz 2012 saat 10:54 itibariyle pasaportumun g\u00f6nderilmek \u00fczere PTT ye verildi\u011fine dair mesaj\u0131m\u0131 ald\u0131m. Aram\u0131zda kals\u0131n, ufak ufak t\u0131rsmaya ba\u015flam\u0131\u015ft\u0131m :). Yar\u0131n \u00f6\u011flen saatlerinde elimde olaca\u011f\u0131n\u0131 d\u00fc\u015f\u00fcn\u00fcyorum.<\/p>\n<p><strong>Son Edit:\u00a0<\/strong>Evet an itibariyle (05.07.2012 15:00) da pasaportumu teslim alm\u0131\u015f bulunmaktay\u0131m. Ba\u015fvuru tarihimden itibaren (26.06.2012) toplam 9 g\u00fcnde elime ula\u015ft\u0131. Ye\u015fil pasaportlar\u0131n temininde s\u0131k\u0131nt\u0131 olmad\u0131\u011f\u0131 i\u00e7in s\u00fcre konusunda problem \u00e7\u0131kmad\u0131. Dar\u0131s\u0131 hepimizin ba\u015f\u0131na..<\/p>\n","protected":false},"excerpt":{"rendered":"<p>Son d\u00f6nemlerde bas\u0131nda da bol spek\u00fclatif bir bi\u00e7imde sergilenen haberleri g\u00f6rm\u00fc\u015f, duymu\u015fsunuzdur. Pasaportlar k\u0131sa s\u00fcre i\u00e7inde yurt d\u0131\u015f\u0131na \u00e7\u0131kacaklar i\u00e7in ger\u00e7ekten de b\u00fcy\u00fck bir dert. Yeni \u00e7ipli pasaport (e-pasaport) d\u00f6nemine ge\u00e7ilirken pasaportlar\u0131n bas\u0131m\u0131 ile alakal\u0131 ihale iptal edilince pasaport teslim&hellip; <\/p>\n","protected":false},"author":2,"featured_media":0,"comment_status":"open","ping_status":"open","sticky":false,"template":"","format":"standard","meta":{"footnotes":""},"categories":[4,10],"tags":[6,8,7,9],"class_list":["post-13","post","type-post","status-publish","format-standard","hentry","category-faydali-bilgiler","category-gitmeden-once","tag-bordo-pasaport","tag-pasaport-problemi","tag-yesil-pasaport","tag-yesil-pasaportlarda-sorun-var-mi"],"_links":{"self":[{"href":"https:\/\/www.ulviercan.com\/gezgin\/wp-json\/wp\/v2\/posts\/13","targetHints":{"allow":["GET"]}}],"collection":[{"href":"https:\/\/www.ulviercan.com\/gezgin\/wp-json\/wp\/v2\/posts"}],"about":[{"href":"https:\/\/www.ulviercan.com\/gezgin\/wp-json\/wp\/v2\/types\/post"}],"author":[{"embeddable":true,"href":"https:\/\/www.ulviercan.com\/gezgin\/wp-json\/wp\/v2\/users\/2"}],"replies":[{"embeddable":true,"href":"https:\/\/www.ulviercan.com\/gezgin\/wp-json\/wp\/v2\/comments?post=13"}],"version-history":[{"count":24,"href":"https:\/\/www.ulviercan.com\/gezgin\/wp-json\/wp\/v2\/posts\/13\/revisions"}],"predecessor-version":[{"id":63,"href":"https:\/\/www.ulviercan.com\/gezgin\/wp-json\/wp\/v2\/posts\/13\/revisions\/63"}],"wp:attachment":[{"href":"https:\/\/www.ulviercan.com\/gezgin\/wp-json\/wp\/v2\/media?parent=13"}],"wp:term":[{"taxonomy":"category","embeddable":true,"href":"https:\/\/www.ulviercan.com\/gezgin\/wp-json\/wp\/v2\/categories?post=13"},{"taxonomy":"post_tag","embeddable":true,"href":"https:\/\/www.ulviercan.com\/gezgin\/wp-json\/wp\/v2\/tags?post=13"}],"curies":[{"name":"wp","href":"https:\/\/api.w.org\/{rel}","templated":true}]}}