{"id":179,"date":"2013-07-01T22:36:14","date_gmt":"2013-07-01T22:36:14","guid":{"rendered":"http:\/\/ulviercan.com\/gezgin\/?p=179"},"modified":"2015-01-05T21:45:48","modified_gmt":"2015-01-05T21:45:48","slug":"marsilya","status":"publish","type":"post","link":"https:\/\/www.ulviercan.com\/gezgin\/2013\/07\/01\/oradayken\/marsilya\/","title":{"rendered":"Marsilya"},"content":{"rendered":"<p><a href=\"https:\/\/ulviercan.com\/gezgin\/wp-content\/uploads\/2013\/07\/marseille.jpg\"><img loading=\"lazy\" decoding=\"async\" src=\"https:\/\/ulviercan.com\/gezgin\/wp-content\/uploads\/2013\/07\/marseille.jpg\" alt=\"Marsilya  \\  Marseille\" width=\"1018\" height=\"460\" class=\"alignnone size-full wp-image-254\" srcset=\"https:\/\/www.ulviercan.com\/gezgin\/wp-content\/uploads\/2013\/07\/marseille.jpg 1018w, https:\/\/www.ulviercan.com\/gezgin\/wp-content\/uploads\/2013\/07\/marseille-300x136.jpg 300w\" sizes=\"auto, (max-width: 1018px) 100vw, 1018px\" \/><\/a><\/p>\n<p>Neredeyse bir y\u0131l oldu. \u00c7ok \u015feyler ya\u015fand\u0131 bu y\u0131lda. Yazmam gerekenleri koskoca y\u0131l erteletecek kadar de\u011fil tabi. Kendimden ve yazaca\u011f\u0131m herhangi faydal\u0131 bir bilgiden bu s\u00fcre zarf\u0131nda yararlanamayan herkesten \u00f6z\u00fcr diliyorum.<\/p>\n<p>Marsilya Fransa&#8217;n\u0131n Provence-Alpes-C\u00f4te d&#8217;Azur b\u00f6lgesininde bulunan 1,5 milyon n\u00fcfusuyla kalabal\u0131k diyebilece\u011fimiz bir \u015fehir. Ger\u00e7ekten enteresan bir yer. Aksiyon, gerilim, macera ve huzur bir arada. Biliyorsunuz Fransa bir \u00e7ok ulustan g\u00f6\u00e7menlerin bolca bulundu\u011fu bir \u00fclke. San\u0131r\u0131m Banliy\u00f6 13 ve Marsilya&#8217;da \u00e7ekilen Taksi film serisi kafan\u0131zda bir \u015feylerin canlanmas\u0131n\u0131 sa\u011flar. Belki benim h\u00fcsn\u00fc kuruntumdur bilemiyorum ama \u00e7ok rahat hissetmedim kendimi bir s\u00fcre. Bu durum daha \u00e7ok turistik yerlerde de\u011fil, kald\u0131\u011f\u0131m banliy\u00f6de ge\u00e7erliydi. \u00c7ok fazla Arap var. Kald\u0131\u011f\u0131m apartman\u0131n alt\u0131nda hani filmlerdeki gibi bir mescit, az \u00f6tede de uyu\u015fturucu sat\u0131\u015f\u0131 yap\u0131l\u0131yordu. Sabah saat 8-9 gibi bu i\u015flerle u\u011fra\u015fan gen\u00e7lerin g\u00fcr\u00fclt\u00fcs\u00fcne uyanmak, yanlar\u0131ndan ge\u00e7erken bak\u0131\u015flar\u0131ndan nasibini almak s\u0131radan bir hal alm\u0131\u015ft\u0131 benim i\u00e7in. Belli bir s\u00fcre zarf\u0131ndan sonra onlar da benim varl\u0131\u011f\u0131ma al\u0131\u015fm\u0131\u015f, ben de ortama yava\u015f yava\u015f ayak uydurdu\u011fum i\u00e7in art\u0131k daha rahatt\u0131m. Benim i\u00e7in de\u011fi\u015fik bir deneyim oldu. Biliyorum \u00e7ok i\u00e7 a\u00e7\u0131c\u0131 bir giri\u015f olmad\u0131. \u0130\u015fin k\u00f6t\u00fc diyebilece\u011fimiz k\u0131sm\u0131n\u0131 anlatt\u0131ktan sonra as\u0131l mevzumuz olan, gezgin k\u0131sm\u0131na ge\u00e7ebiliriz.<\/p>\n<p>Efendim \u015f\u00f6yle bir d\u00fc\u015f\u00fcn\u00fcnce t\u00fcm \u015fehri gezmeniz, yani de\u011fecek yerlerden bahsediyorum, tahmini 2 aylak g\u00fcn\u00fcn\u00fcz\u00fc alabilir. Malum demir yollar\u0131 a\u015fk\u0131m\u0131z, do\u011fal olarak bu \u015fehirle tan\u0131\u015fmam g\u00f6r\u00fclmeye de\u011fer bir yer olan\u00a0<strong>Saint-Charles<\/strong> Tren Gar\u0131nda ger\u00e7ekle\u015fti. Bu mekan\u0131n alt kat\u0131nda bulunan metro istasyonu \u015fehrin iki ana metro hatt\u0131n\u0131 birbirine ba\u011fl\u0131yor. Metro istasyonlar\u0131nda bulunan makineler sayesinde rahat bir \u015fekilde paran\u0131z\u0131 bilete d\u00f6n\u00fc\u015ft\u00fcrebilirsiniz ve bu biletleri aktarmal\u0131 olarak kullanabilirsiniz.<\/p>\n<p>G\u00fczel bir liman\u0131 var buran\u0131n. <strong>Vieux Port<\/strong> diyorlar. Yine metro ile ula\u015fabilirsiniz buraya. Buray\u0131 bilin ve bulun kaybolmazs\u0131n\u0131z. Yak\u0131nlar\u0131nda <strong>Op\u00e9ra\u00a0de\u00a0Marseille (opera binas\u0131)<\/strong>\u00a0var. Buras\u0131, \u00e7evre binalar, sokaklar ve bu sokaklarda kaybolmak ger\u00e7ekten \u00e7ok g\u00fczel ve huzurlu. Bir yerden bir yere giderken \u015fehrin tad\u0131n\u0131 \u00e7\u0131karmak, \u00f6z\u00fcmsemek, ya\u015fanm\u0131\u015fl\u0131klar\u0131 d\u00fc\u015f\u00fcnmek istiyorsan\u0131z tabana kuvvet karde\u015fim. Ba\u015fka yolu yok. Yine \u00e7ok yak\u0131n say\u0131lmaz ama ben y\u00fcr\u00fcmeyi severim derseniz, limandan y\u00fcr\u00fcyerek ve biraz da yoku\u015f \u00e7\u0131karak\u00a0<strong>Notre-Dame-du-Mont Kilisesi<\/strong>ne ula\u015fabilirsiniz. \u00c7ok g\u00fczel bir yer. Az sonra foto\u011fraflarda da g\u00f6rebilece\u011finiz \u00fczere t\u00fcm \u015fehri izleme imkan\u0131n\u0131z var.<\/p>\n<p>Haz\u0131r laf\u0131 ge\u00e7mi\u015fken ya\u015fad\u0131\u011f\u0131m g\u00fczel bir an\u0131dan bahsetmeden edemeyece\u011fim. Kiliseyi ziyaret edip yoku\u015f a\u015fa\u011f\u0131 b\u0131rakt\u0131m kendimi, \u00f6yle y\u00fcr\u00fcyorum ama yorgunum bir de ac\u0131kt\u0131m. Yoku\u015f bitti bir bakt\u0131m tam k\u00f6\u015fede, bina alt\u0131 \u015femsiyeli bir b\u00fcfe. San\u0131r\u0131m kar\u0131-koca bir bayan bir de erkek. B\u00fcfe ba\u015f\u0131nda ablam\u0131z duruyor, abimiz de servise bak\u0131yor. Ayak \u00fcst\u00fc yeme\u011fim haz\u0131rlan\u0131rken geldi\u011fim yeri sordu abimiz. \u0130ngilizce bilmiyorlar, ben \u0130ngilizce konu\u015fuyorum onlar Frans\u0131zca. G\u00f6n\u00fcller bir olunca anla\u015f\u0131yoruz ama. T\u00fcrkiye&#8217;den geldi\u011fimden bahsettim. O da e\u015finin annesinin \u0130stanbul&#8217;a gitti\u011finden falan bahsetti (harbiden biz ne g\u00fczel anla\u015fm\u0131\u015f\u0131z yahu). Neyse sohbeti tatl\u0131 bir \u015fekilde bitirdik, ge\u00e7tim \u015femsiyenin alt\u0131na oturuyorum. Abimiz, tam bir ekmek boyutundaki deve gibi (belli torpilli) tavuklu sandwichimi getirdi ve aynen \u015funu s\u00f6yledi: &#8220;Al karde\u015f&#8221;. Ben bir yandan mutlu oldum bir yandan anlam veremedim. Kendisine \u015f\u00fckranlar\u0131m\u0131 sundum. Yeme\u011fimi yeyip kolam\u0131 i\u00e7tikten sonra veda edip ayr\u0131lmay\u0131 planl\u0131yorum. Gittim, elimi uzatt\u0131m ellerimi iki eliyle kar\u015f\u0131layarak sa\u011flam bir \u015fekilde s\u0131kt\u0131 bir karde\u015f gibi. T\u00fcrk\u00e7e&#8217;de kar\u015f\u0131l\u0131\u011f\u0131\u00a0g\u00f6r\u00fc\u015fmek \u00fczere olan &#8220;a bient\u00f6t&#8221; diyerek veda etmeyi planl\u0131yordum ki,\u00a0Kendisi cama yap\u0131\u015ft\u0131rd\u0131\u011f\u0131 ka\u011f\u0131d\u0131 ve \u00fczerindeki tarihi g\u00f6stererek memleketine ziyarete gidece\u011fini ve bir daha g\u00f6r\u00fc\u015femeyece\u011fimizi anlatmaya \u00e7al\u0131\u015ft\u0131. Tam ayr\u0131l\u0131rken sordu\u011fum &#8220;Nerelisiniz?&#8221; sorusuna ald\u0131\u011f\u0131m cevap ise: &#8220;Arm\u00e9nien&#8221; (Ermenistanl\u0131). Ne diyebilirim ki, hepimiz bu d\u00fcnyan\u0131n vatanda\u015f\u0131y\u0131z ve karde\u015fiz. \u00d6n yarg\u0131l\u0131, ba\u011fnaz d\u00fc\u015f\u00fcnceleri y\u0131kmal\u0131.<\/p>\n<p><strong>Castellane<\/strong> meydan\u0131 tarihi dokusuyla g\u00f6r\u00fclmesi gereken yerlerden. Tam meydana \u00e7\u0131kan ve yine \u015fehrin iki metro g\u00fczergah\u0131n\u0131n kesi\u015fti\u011fi bir metro istasyonu bulunmakta. \u00c7evrede bulunan restoranlarda g\u00fczel yemekler var. Adamlar\u0131n usul\u00fc b\u00f6yle az pi\u015fmi\u015f demedi\u011finiz halde, eti az pi\u015fmi\u015f olarak getiriyorlar ve tad\u0131 da gayet g\u00fczel. Ancak, domuz eti konusunda dikkatli olmakta fayda var. Men\u00fcye dikkatli bak\u0131n hatta gerekirse garsonu uyar\u0131n. Bilmiyorum her g\u00fcn var m\u0131 ama ufak bir pazar da kuruluyor burada. Bende bir iki bir \u015feyler almad\u0131m de\u011fil :).<\/p>\n<p>Plajlardan da bahsedip yava\u015f yava\u015f yaz\u0131m\u0131n sonuna gelmek istiyorum. Biz T\u00fcrkiye&#8217;de ger\u00e7ekten \u00e7ok \u015fansl\u0131y\u0131z, insan k\u00f6t\u00fcs\u00fcn\u00fc g\u00f6r\u00fcnce anl\u0131yor. Adamlar\u0131n \u015fehir merkezine yak\u0131n t\u00fcm plajlar\u0131 \u00e7akma. Baya bildi\u011fin kendileri yapm\u0131\u015flar. Bir \u00e7ok yerde denize girme f\u0131rsat\u0131m oldu. Merkeze yak\u0131n olan ve \u015fehrin iki ayr\u0131 ucunda olan\u00a0Estaque ve Prado plajlar\u0131 denize girmek i\u00e7in tercih edilebilir. Ula\u015f\u0131m imkan\u0131n\u0131z varsa denizi ve kumu bir ka\u00e7 kademe iyi ve \u015fehrin yakla\u015f\u0131k 40 kilometre kuzey bat\u0131s\u0131nda bulunan g\u00fczel ve \u00fccretsiz plajlardan biri olan\u00a0Sainte-Croix plaj\u0131na gidebilirsiniz.<\/p>\n<p>Daha yazacak \u00e7ok \u015fey var, \u015fimdilik i\u00e7imi rahatlatt\u0131m diyebilirim. En k\u0131sa zamanda deneyimlerimi aktarmaya devam etmeye \u00e7al\u0131\u015faca\u011f\u0131m. Sevgiyle kal\u0131n.<\/p>\n<p>\u015eimdi foto\u011fraflar:<\/p>\n<p>[nggallery id=2]<\/p>\n","protected":false},"excerpt":{"rendered":"<p>Neredeyse bir y\u0131l oldu. \u00c7ok \u015feyler ya\u015fand\u0131 bu y\u0131lda. Yazmam gerekenleri koskoca y\u0131l erteletecek kadar de\u011fil tabi. Kendimden ve yazaca\u011f\u0131m herhangi faydal\u0131 bir bilgiden bu s\u00fcre zarf\u0131nda yararlanamayan herkesten \u00f6z\u00fcr diliyorum. Marsilya Fransa&#8217;n\u0131n Provence-Alpes-C\u00f4te d&#8217;Azur b\u00f6lgesininde bulunan 1,5 milyon n\u00fcfusuyla&hellip; <\/p>\n","protected":false},"author":2,"featured_media":254,"comment_status":"open","ping_status":"open","sticky":false,"template":"","format":"standard","meta":{"footnotes":""},"categories":[11],"tags":[44,43],"class_list":["post-179","post","type-post","status-publish","format-standard","has-post-thumbnail","hentry","category-oradayken","tag-fransa","tag-marsilya"],"_links":{"self":[{"href":"https:\/\/www.ulviercan.com\/gezgin\/wp-json\/wp\/v2\/posts\/179","targetHints":{"allow":["GET"]}}],"collection":[{"href":"https:\/\/www.ulviercan.com\/gezgin\/wp-json\/wp\/v2\/posts"}],"about":[{"href":"https:\/\/www.ulviercan.com\/gezgin\/wp-json\/wp\/v2\/types\/post"}],"author":[{"embeddable":true,"href":"https:\/\/www.ulviercan.com\/gezgin\/wp-json\/wp\/v2\/users\/2"}],"replies":[{"embeddable":true,"href":"https:\/\/www.ulviercan.com\/gezgin\/wp-json\/wp\/v2\/comments?post=179"}],"version-history":[{"count":11,"href":"https:\/\/www.ulviercan.com\/gezgin\/wp-json\/wp\/v2\/posts\/179\/revisions"}],"predecessor-version":[{"id":255,"href":"https:\/\/www.ulviercan.com\/gezgin\/wp-json\/wp\/v2\/posts\/179\/revisions\/255"}],"wp:featuredmedia":[{"embeddable":true,"href":"https:\/\/www.ulviercan.com\/gezgin\/wp-json\/wp\/v2\/media\/254"}],"wp:attachment":[{"href":"https:\/\/www.ulviercan.com\/gezgin\/wp-json\/wp\/v2\/media?parent=179"}],"wp:term":[{"taxonomy":"category","embeddable":true,"href":"https:\/\/www.ulviercan.com\/gezgin\/wp-json\/wp\/v2\/categories?post=179"},{"taxonomy":"post_tag","embeddable":true,"href":"https:\/\/www.ulviercan.com\/gezgin\/wp-json\/wp\/v2\/tags?post=179"}],"curies":[{"name":"wp","href":"https:\/\/api.w.org\/{rel}","templated":true}]}}