{"id":223,"date":"2013-10-25T21:28:04","date_gmt":"2013-10-25T21:28:04","guid":{"rendered":"http:\/\/ulviercan.com\/gezgin\/?p=223"},"modified":"2015-01-05T21:49:12","modified_gmt":"2015-01-05T21:49:12","slug":"sakiz-adasi-chios","status":"publish","type":"post","link":"https:\/\/www.ulviercan.com\/gezgin\/2013\/10\/25\/oradayken\/sakiz-adasi-chios\/","title":{"rendered":"Sak\u0131z Adas\u0131 &#8211; Chios (\u03a7\u03af\u03bf\u03c2)"},"content":{"rendered":"<p><a href=\"https:\/\/ulviercan.com\/gezgin\/wp-content\/uploads\/2013\/10\/sakiz.jpg\"><img loading=\"lazy\" decoding=\"async\" src=\"https:\/\/ulviercan.com\/gezgin\/wp-content\/uploads\/2013\/10\/sakiz.jpg\" alt=\"Sak\u0131z Adas\u0131 - Hios\" width=\"1018\" height=\"460\" class=\"alignnone size-full wp-image-249\" srcset=\"https:\/\/www.ulviercan.com\/gezgin\/wp-content\/uploads\/2013\/10\/sakiz.jpg 1018w, https:\/\/www.ulviercan.com\/gezgin\/wp-content\/uploads\/2013\/10\/sakiz-300x136.jpg 300w\" sizes=\"auto, (max-width: 1018px) 100vw, 1018px\" \/><\/a><\/p>\n<p>\u015eirin, tarihi dokusunu hissettiren ve siestaya bay\u0131lan keyif pezevengi g\u00fczel insanlar\u0131n oldu\u011fu bir yer Sak\u0131z Adas\u0131 (Evet, saat \u00f6\u011flen 2&#8217;de bir\u00e7ok mekan sahibi kepenk kapat\u0131p uykuya ge\u00e7iyor). 1 sefer yetmedi, neden 2.si olmas\u0131n dedim ve bir kez daha gittim. Gittim ama biraz \u00fcz\u00fcld\u00fcm. \u0130lk gidi\u015fimde, havada g\u00f6rd\u00fc\u011f\u00fcm dumanlar me\u011fersem yang\u0131n\u0131n habercisiymi\u015f (a\u015fa\u011f\u0131daki resimlerde de g\u00f6rebilirsiniz). 2. gidi\u015fimde bunun buruklu\u011funu ya\u015fad\u0131m. Yang\u0131n adan\u0131n ye\u015fil dokusuna \u00e7ok b\u00fcy\u00fck bir zarar vermi\u015f.<\/p>\n<p>Her seferimde farkl\u0131 tecr\u00fcbeler edindim. \u0130lk gidi\u015fim yaln\u0131z (yaln\u0131z her zaman en iyisidir) ve g\u00fcn\u00fcbirlik bir ziyaret oldu. \u0130kinci gidi\u015fimde 2 ki\u015fiydik ve 1 gece konaklama f\u0131rsat\u0131m\u0131z oldu. \u015eunu da unutmadan ekleyeyim. Adada T\u00fcrk d\u00fc\u015fmanl\u0131\u011f\u0131 de\u011fil, T\u00fcrk dostlu\u011funu hissedince \u015fa\u015f\u0131rmay\u0131n. Ama \u015funu da s\u00f6ylemeden edemeyece\u011fim. Adan\u0131n tam ortas\u0131nda Eparchiaki Odos Neas Monis-Dafnonas manast\u0131r\u0131nda sergiledikleri Osmanl\u0131 zaman\u0131ndan kalma Sak\u0131z Katliam\u0131na ait insan kemikleri ve kafataslar\u0131n\u0131n dini bir mekanda sergilenmesi ho\u015f olmam\u0131\u015f a\u00e7\u0131k\u00e7as\u0131. Tekrar belirtmek isterim ki yerli halk\u0131n \u00fczerinde bu olay\u0131n izlerini g\u00f6rmeniz pek m\u00fcmk\u00fcn de\u011fil. Halk olay\u0131 \u00e7oktan a\u015fm\u0131\u015f. Zaten gezdi\u011finiz yerlerdeki yerli halka &#8220;Yasu&#8221; diyerek selam verdi\u011finizde, onlar da g\u00fcler y\u00fczleriyle selam\u0131n\u0131z\u0131 alacaklard\u0131r (Evet T\u00fcrk oldu\u011funuzu anl\u0131yorlar. Keza ada ziyaret\u00e7ilerinin \u00e7ok b\u00fcy\u00fck bir k\u0131sm\u0131 T\u00fcrkler).<\/p>\n<p>En ba\u015ftan ba\u015flarsak, Sak\u0131z Adas\u0131&#8217;na (Chios) gitmek i\u00e7in pasaportunuz olmal\u0131. Sonu\u00e7ta 8 millik yani 15 kilometrelik bir mesafe olmas\u0131na ra\u011fmen yurt d\u0131\u015f\u0131na \u00e7\u0131k\u0131yorsunuz. Ye\u015fil pasaportunuz varsa vize s\u0131k\u0131nt\u0131s\u0131 olmad\u0131\u011f\u0131 i\u00e7in s\u0131rt \u00e7antan\u0131z\u0131 al\u0131p apar topar yola koyulabilirsiniz. Dedik ama \u015f\u00f6yle de bir durum var. E\u011fer pasaportunuzda K.K.T.C. damgas\u0131 varsa i\u015finiz s\u0131k\u0131nt\u0131ya d\u00fc\u015febilir. Yunanistan K.K.T.C.&#8217;ni tan\u0131mad\u0131\u011f\u0131 i\u00e7in, pasaport memuru bu damgay\u0131 fark edecek olursa adaya giremezsiniz. Ayn\u0131 durum bordo pasaport dahil t\u00fcm pasaport sahipleri i\u00e7in ge\u00e7erli. Bordo pasaportunuz varsa kap\u0131da vize uygulamas\u0131ndan faydalanacaks\u0131n\u0131z. Bu y\u00fczden i\u015fler biraz daha kar\u0131\u015f\u0131k ve masrafl\u0131. Sak\u0131z Adas\u0131 kap\u0131da vize nas\u0131l al\u0131n\u0131r sorusunun cevab\u0131 Ert\u00fcrk Lines firmas\u0131n\u0131n sitesinden edindi\u011fim bilgiye g\u00f6re \u015fu \u015fekilde:<\/p>\n<p>Sak\u0131z Adas\u0131na gidecek olan yolcular\u0131n a\u015fa\u011f\u0131daki belgeleri acentemize seyahat edecekleri tarihten en az 48 saat (2 g\u00fcn) \u00f6nce getirmeleri gerekmektedir.<\/p>\n<ul>\n<li>\u0130K\u0130 (2) ADET B\u0130OMETR\u0130K FOTO\u011eRAF<\/li>\n<li>N\u00dcFUS CUZDANI FOTOKOP\u0130S\u0130<\/li>\n<li>PASAPORT\n<ul>\n<li>\u00c7\u0131k\u0131\u015f g\u00fcn\u00fcnden itibaren en az 3 ay ge\u00e7erlilik s\u00fcresi olmal\u0131<\/li>\n<li>En az 2 sayfas\u0131 bo\u015f olmal\u0131<\/li>\n<li>Pasaportta K.K.T.C giri\u015f ka\u015fesi bulunmamal\u0131<\/li>\n<\/ul>\n<\/li>\n<li>SEYEHAT BELGELER\u0130\n<ul>\n<li>Geli\u015f ve Gidi\u015f gemi biletleri tarihleri tam olarak belirtilmi\u015f bir \u015fekilde olmal\u0131 ( Open biletler kabul edilmez )<\/li>\n<li>Konaklama yap\u0131lacaksa \u00f6denmi\u015f rezervasyon belgesi<\/li>\n<li>Belgeleri sunulan yolcular\u0131n kesin olarak gelmeleri gerekmektedir. Belgeleri sunulan ve gelmeyen yolcular\u0131n gemi biletleri \u00fccreti ve otel \u00fccretleri yanacakt\u0131r.<\/li>\n<li>Vize \u00dccreti 55 \u20ac (35 \u20ac G\u00fcmr\u00fckte, 20 \u20ac acentemize \u00f6denecektir) Demi\u015fler ama Sunrise firmas\u0131 15 \u20ac almaktaym\u0131\u015f.<\/li>\n<\/ul>\n<\/li>\n<\/ul>\n<p>Yurt d\u0131\u015f\u0131 \u00e7\u0131k\u0131\u015f harc\u0131 olan 15 TL&#8217;yi de masraflar aras\u0131na eklemeyi unutmay\u0131n\u0131z.<\/p>\n<p>Devam edelim. Efendim adaya deniz yolu ve hava yolu ile ula\u015fabilirsiniz. Ama T\u00fcrkiye&#8217;de ya\u015fayan vatanda\u015flar\u0131m\u0131z\u0131n hava yolunu tercih etmesi sa\u00e7mal\u0131k olacakt\u0131r. O y\u00fczden denizden yard\u0131rmaya devam. Gidi\u015f-geli\u015f \u00fccreti sezonda yakla\u015f\u0131k 20 \u20ac. Eyl\u00fcl ay\u0131 gibi fiyatlar 16-18 \u20ac civar\u0131na d\u00fc\u015f\u00fcyor. \u00dccretler firmadan firmaya biraz de\u011fi\u015fiyor. Bildi\u011fim kadar\u0131yla adaya gidi\u015f-geli\u015f sefer d\u00fczenleyen firmalar \u015fu \u015fekilde: Ert\u00fcrk Lines, Ege Birlik ve Sunrise (Yunan firmas\u0131, 40 dakikada gidiyormu\u015f. Normalde 50-60 dakika aras\u0131 s\u00fcr\u00fcyor).<\/p>\n<p>Arabayla gitmek isterseniz feribot mevcut. Adada 4-5 g\u00fcnden fazla kalmay\u0131 d\u00fc\u015f\u00fcn\u00fcyorsan\u0131z, kendi araban\u0131zla ve deponuz bo\u015f halde gitmeniz sizin avantaj\u0131n\u0131za olur. Zira yak\u0131t orada daha ucuz. Daha k\u0131sa s\u00fcre ziyaret ger\u00e7ekle\u015ftirecekler i\u00e7in konu\u015fuyorum. L\u00fctfen araban\u0131z\u0131 \u00c7e\u015fme liman \u00e7evresinde bir yerlere park edin ve adada sezondaki g\u00fcnl\u00fck \u00fccreti yakla\u015f\u0131k 35 \u20ac olan ara\u00e7 kiralama hizmetlerinden faydalan\u0131n. Hemen Chios liman\u0131n\u0131n orada araba kiralama hizmeti veren b\u00fcy\u00fck firmalar\u0131 bulabilirsiniz. Ben iki g\u00fcn i\u00e7in 20 \u20ac benzin att\u0131m ve arac\u0131 ald\u0131\u011f\u0131mdaki yak\u0131t seviyesinden daha yukar\u0131da olarak arabay\u0131 teslim ettim. \u00dcz\u00fclmeye gerek yok. Firmalar b\u00fcy\u00fck ya, yak\u0131t seviyesini sistemlerine kay\u0131t ettiler. Bir sonraki gidi\u015fimde yak\u0131t\u0131 arabay\u0131 teslim ald\u0131\u011f\u0131mdaki seviyesinden az getirme hakk\u0131m olacak. Bu arada arabalar\u0131 gayet bak\u0131ml\u0131 ve genelde yeni model ara\u00e7lar\u0131 bulunuyor. E\u011fer tek ba\u015f\u0131n\u0131za gidecekseniz (Aferin) ve A2 ehliyetiniz de varsa, yine sezon i\u00e7erisinde ki \u00fccreti yakla\u015f\u0131k 15 \u20ac olan 50 CC&#8217;lik motorlardan kiralayabilirsiniz. Bilginiz olmas\u0131 bak\u0131m\u0131ndan s\u00f6yl\u00fcyorum. G\u00fcn\u00fcbirlik ve yakla\u015f\u0131k 105 KM yol yapt\u0131\u011f\u0131m seyahatte motora 7 \u20ac&#8217;luk yak\u0131t att\u0131m.<\/p>\n<p>Yemek konusuna \u00e7ok fazla de\u011finmeyece\u011fim. Kalamar\u0131n, bal\u0131\u011f\u0131n yan\u0131nda yerli i\u00e7ki olan UZO&#8217;dan yudumlamay\u0131 (rak\u0131 ama sek i\u00e7ilmesi tavsiye ediliyor) yahut yunan biras\u0131ndan i\u00e7meyi ihmal etmeyin. 2 ki\u015fi i\u00e7in hesap 20 &#8211; 30 \u20ac aras\u0131 gelince de &#8220;Ohh ne g\u00fczel, ucuz ucuz yedik i\u00e7tik&#8221; diye sevinebilirsiniz. \u00dcst\u00fcne \u00fcst\u00fck ho\u015f bir tav\u0131rla a\u011f\u0131rland\u0131ktan sonra ikram edilen Bacardi keyfinize keyif katabilir. K\u0131rm\u0131z\u0131 et yiyecekseniz, domuz eti konusunda \u00e7ekinceleriniz varsa men\u00fcy\u00fc dikkatli incelemenizi tavsiye ederim.<\/p>\n<p>Adada \u00e7ok uygun ko\u015fullarla konaklama imkan\u0131 bulabilirsiniz. Biz (\u0130ki ki\u015fi) yakla\u015f\u0131k 40 \u20ac civar\u0131nda bir \u00fccret mukabilinde Stroubis Studios&#8217;da 1 gece kalm\u0131\u015ft\u0131k. <a href=\"https:\/\/www.booking.com\/region\/gr\/chios.tr.html\" target=\"_blank\" rel=\"nofollow\">\u015eu adresten<\/a> otelleri inceleyebilirsiniz.<\/p>\n<p>Odak noktam\u0131z olan gezilecek yerlere gelirsek. Efendim adan\u0131n gezilecek yerleri g\u00fcney taraf\u0131nda. Merkez \u015fehir olan Chios&#8217;tan a\u015fa\u011f\u0131s\u0131 yani. \u0130lk gitti\u011fimde \u015f\u00f6yle bir rota \u00e7izdim. Size kalm\u0131\u015f ama, bu rotay\u0131 takip edecek olursan\u0131z tatmin olmu\u015f bir halde, keyifli keyifli memleketinize geri d\u00f6nebilirsiniz. \u00d6yle bir rota ki ayn\u0131 g\u00fcn i\u00e7erisinde hem denize girdim, hem yeme\u011fimi yedim, hem de gezdim. Tabi hepsi tad\u0131nda oldu.<\/p>\n<p>Mekanlar hakk\u0131nda bilgi vererek spoiler vermi\u015f olmak istemiyorum. \u00c7ok isterseniz bir zahmet &#8220;Googlelay\u0131n&#8221;. Siz bu rotay\u0131 2 g\u00fcne ay\u0131rarak mekanlarda ge\u00e7irdi\u011finiz s\u00fcreyi artt\u0131rabilirsiniz.\u00a0\u00c7okta g\u00fczel oldu, \u00e7okta iyi oldu: Chios\u00a0\u00bb\u00a0Pirgi\u00a0\u00bb Mesta\u00a0\u00bb Lithi\u00a0\u00bb Avgonima\u00a0\u00bb Anavatos\u00a0\u00bb Eparchiaki Odos Neas Monis-Dafnonas\u00a0(Manast\u0131r)\u00a0\u00bb Chios<\/p>\n<p><a href=\"https:\/\/ulviercan.com\/gezgin\/wp-content\/uploads\/2013\/10\/chios_roadmap.jpg\"><img loading=\"lazy\" decoding=\"async\" class=\"alignleft size-large wp-image-225\" src=\"https:\/\/ulviercan.com\/gezgin\/wp-content\/uploads\/2013\/10\/chios_roadmap-1024x424.jpg\" alt=\"chios_roadmap\" width=\"584\" height=\"241\" srcset=\"https:\/\/www.ulviercan.com\/gezgin\/wp-content\/uploads\/2013\/10\/chios_roadmap-1024x424.jpg 1024w, https:\/\/www.ulviercan.com\/gezgin\/wp-content\/uploads\/2013\/10\/chios_roadmap-300x124.jpg 300w, https:\/\/www.ulviercan.com\/gezgin\/wp-content\/uploads\/2013\/10\/chios_roadmap-500x207.jpg 500w, https:\/\/www.ulviercan.com\/gezgin\/wp-content\/uploads\/2013\/10\/chios_roadmap.jpg 1366w\" sizes=\"auto, (max-width: 584px) 100vw, 584px\" \/><\/a><\/p>\n<p>Aktaracaklar\u0131m ve\u00a0akl\u0131ma gelenler bu \u015fekilde. Her zamanki gibi \u00e7ekti\u011fim resimleri a\u015fa\u011f\u0131da bulabilirsiniz. San\u0131r\u0131m resimler biraz eksik kalm\u0131\u015f bu sefer. Elime ge\u00e7ti\u011finde di\u011fer resimleri de ekleyece\u011fim. S\u00fcr\u00e7\u00fc lisan ettiysek affola (Sonunda bir yerde kullanabildim!). [nggallery id=4]<\/p>\n","protected":false},"excerpt":{"rendered":"<p>\u015eirin, tarihi dokusunu hissettiren ve siestaya bay\u0131lan keyif pezevengi g\u00fczel insanlar\u0131n oldu\u011fu bir yer Sak\u0131z Adas\u0131 (Evet, saat \u00f6\u011flen 2&#8217;de bir\u00e7ok mekan sahibi kepenk kapat\u0131p uykuya ge\u00e7iyor). 1 sefer yetmedi, neden 2.si olmas\u0131n dedim ve bir kez daha gittim. Gittim&hellip; <\/p>\n","protected":false},"author":2,"featured_media":249,"comment_status":"open","ping_status":"open","sticky":false,"template":"","format":"standard","meta":{"footnotes":""},"categories":[11],"tags":[],"class_list":["post-223","post","type-post","status-publish","format-standard","has-post-thumbnail","hentry","category-oradayken"],"_links":{"self":[{"href":"https:\/\/www.ulviercan.com\/gezgin\/wp-json\/wp\/v2\/posts\/223","targetHints":{"allow":["GET"]}}],"collection":[{"href":"https:\/\/www.ulviercan.com\/gezgin\/wp-json\/wp\/v2\/posts"}],"about":[{"href":"https:\/\/www.ulviercan.com\/gezgin\/wp-json\/wp\/v2\/types\/post"}],"author":[{"embeddable":true,"href":"https:\/\/www.ulviercan.com\/gezgin\/wp-json\/wp\/v2\/users\/2"}],"replies":[{"embeddable":true,"href":"https:\/\/www.ulviercan.com\/gezgin\/wp-json\/wp\/v2\/comments?post=223"}],"version-history":[{"count":13,"href":"https:\/\/www.ulviercan.com\/gezgin\/wp-json\/wp\/v2\/posts\/223\/revisions"}],"predecessor-version":[{"id":250,"href":"https:\/\/www.ulviercan.com\/gezgin\/wp-json\/wp\/v2\/posts\/223\/revisions\/250"}],"wp:featuredmedia":[{"embeddable":true,"href":"https:\/\/www.ulviercan.com\/gezgin\/wp-json\/wp\/v2\/media\/249"}],"wp:attachment":[{"href":"https:\/\/www.ulviercan.com\/gezgin\/wp-json\/wp\/v2\/media?parent=223"}],"wp:term":[{"taxonomy":"category","embeddable":true,"href":"https:\/\/www.ulviercan.com\/gezgin\/wp-json\/wp\/v2\/categories?post=223"},{"taxonomy":"post_tag","embeddable":true,"href":"https:\/\/www.ulviercan.com\/gezgin\/wp-json\/wp\/v2\/tags?post=223"}],"curies":[{"name":"wp","href":"https:\/\/api.w.org\/{rel}","templated":true}]}}