{"id":9,"date":"2012-07-03T10:56:44","date_gmt":"2012-07-03T10:56:44","guid":{"rendered":"http:\/\/ulviercan.com\/gezgin\/?p=9"},"modified":"2012-07-07T10:38:36","modified_gmt":"2012-07-07T10:38:36","slug":"ilk-yazim-tum-gezginlere-selam-olsun","status":"publish","type":"post","link":"https:\/\/www.ulviercan.com\/gezgin\/2012\/07\/03\/uncategorized\/ilk-yazim-tum-gezginlere-selam-olsun\/","title":{"rendered":"\u0130lk yaz\u0131m &#8211; T\u00fcm gezginlere selam olsun"},"content":{"rendered":"<p><a href=\"https:\/\/ulviercan.com\/gezgin\/wp-content\/uploads\/2012\/07\/257309-4288x2848.jpg\"><img loading=\"lazy\" decoding=\"async\" class=\"size-full wp-image-38 alignleft\" title=\"257309-4288x2848\" src=\"https:\/\/ulviercan.com\/gezgin\/wp-content\/uploads\/2012\/07\/257309-4288x2848.jpg\" alt=\"\" width=\"200\" height=\"125\" \/><\/a>Ka\u00e7\u0131nc\u0131 blo\u011fum olacak bilmiyorum. Her seferinde oldu\u011fu gibi bu kez de kararl\u0131 ve d\u00fczenli bir \u015fekilde yazmay\u0131 planl\u0131yorum. Zamanla g\u00f6rece\u011fiz bakal\u0131m&#8230;<\/p>\n<p>Erasmus staj\u0131 &#8220;Erasmus Internship&#8221; d\u00fc\u015f\u00fcncesiyle ba\u015flayan Avrupa hayalimi, kendi imkanlar\u0131mla ger\u00e7e\u011fe d\u00f6n\u00fc\u015ft\u00fcrmenin hikayesini olu\u015fturmaya \u00e7al\u0131\u015faca\u011f\u0131m. Avrupa&#8217; da ge\u00e7irdi\u011fim her bir g\u00fcn\u00fcn \u00f6zetini yan\u0131mda bulunduraca\u011f\u0131m, deftere not almay\u0131 d\u00fc\u015f\u00fcn\u00fcyordum. Ancak daha sonra d\u00fc\u015f\u00fcnd\u00fcm ki, edindi\u011fim faydal\u0131 bilgileri herkesle payla\u015fmak daha do\u011fru olacak. Bu ba\u011flamda takipte kal\u0131n\u0131z efendim diyorum. Yolculuk 09.07.2012 Pazartesi saat 07:25\u00a0da ba\u015fl\u0131yor.<\/p>\n<p>Enteresan bir \u015fekilde daha \u00f6nce yurt d\u0131\u015f\u0131nda bulunmam\u0131\u015f olmama ra\u011fmen herhangi bir heyecan duygusu hissetmiyorum. Belkide seyahat \u00f6ncesi yapm\u0131\u015f oldu\u011fum ara\u015ft\u0131rmalar bir nebze bu heyecan\u0131 yok etti (g\u00fcven duygusu), yahut u\u00e7u\u015f g\u00fcn\u00fc yakla\u015ft\u0131k\u00e7a heyecan\u0131m artacak.<\/p>\n<p><strong>Son 2 G\u00fcn(07.07.2012):<\/strong> Hala heyecan yok, sadece mutluluk var \ud83d\ude42<\/p>\n","protected":false},"excerpt":{"rendered":"<p>Ka\u00e7\u0131nc\u0131 blo\u011fum olacak bilmiyorum. Her seferinde oldu\u011fu gibi bu kez de kararl\u0131 ve d\u00fczenli bir \u015fekilde yazmay\u0131 planl\u0131yorum. Zamanla g\u00f6rece\u011fiz bakal\u0131m&#8230; Erasmus staj\u0131 &#8220;Erasmus Internship&#8221; d\u00fc\u015f\u00fcncesiyle ba\u015flayan Avrupa hayalimi, kendi imkanlar\u0131mla ger\u00e7e\u011fe d\u00f6n\u00fc\u015ft\u00fcrmenin hikayesini olu\u015fturmaya \u00e7al\u0131\u015faca\u011f\u0131m. Avrupa&#8217; da ge\u00e7irdi\u011fim her&hellip; <\/p>\n","protected":false},"author":2,"featured_media":0,"comment_status":"open","ping_status":"open","sticky":false,"template":"","format":"standard","meta":{"footnotes":""},"categories":[10,1],"tags":[],"class_list":["post-9","post","type-post","status-publish","format-standard","hentry","category-gitmeden-once","category-uncategorized"],"_links":{"self":[{"href":"https:\/\/www.ulviercan.com\/gezgin\/wp-json\/wp\/v2\/posts\/9","targetHints":{"allow":["GET"]}}],"collection":[{"href":"https:\/\/www.ulviercan.com\/gezgin\/wp-json\/wp\/v2\/posts"}],"about":[{"href":"https:\/\/www.ulviercan.com\/gezgin\/wp-json\/wp\/v2\/types\/post"}],"author":[{"embeddable":true,"href":"https:\/\/www.ulviercan.com\/gezgin\/wp-json\/wp\/v2\/users\/2"}],"replies":[{"embeddable":true,"href":"https:\/\/www.ulviercan.com\/gezgin\/wp-json\/wp\/v2\/comments?post=9"}],"version-history":[{"count":5,"href":"https:\/\/www.ulviercan.com\/gezgin\/wp-json\/wp\/v2\/posts\/9\/revisions"}],"predecessor-version":[{"id":11,"href":"https:\/\/www.ulviercan.com\/gezgin\/wp-json\/wp\/v2\/posts\/9\/revisions\/11"}],"wp:attachment":[{"href":"https:\/\/www.ulviercan.com\/gezgin\/wp-json\/wp\/v2\/media?parent=9"}],"wp:term":[{"taxonomy":"category","embeddable":true,"href":"https:\/\/www.ulviercan.com\/gezgin\/wp-json\/wp\/v2\/categories?post=9"},{"taxonomy":"post_tag","embeddable":true,"href":"https:\/\/www.ulviercan.com\/gezgin\/wp-json\/wp\/v2\/tags?post=9"}],"curies":[{"name":"wp","href":"https:\/\/api.w.org\/{rel}","templated":true}]}}